{"id":289,"date":"2014-12-01T15:31:25","date_gmt":"2014-12-01T14:31:25","guid":{"rendered":"http:\/\/strains.fr\/?p=289"},"modified":"2018-02-21T10:22:13","modified_gmt":"2018-02-21T09:22:13","slug":"manifestation-dinteret-setec-tpi-afgc","status":"publish","type":"post","link":"https:\/\/strains.fr\/index.php\/2014\/12\/01\/manifestation-dinteret-setec-tpi-afgc\/","title":{"rendered":"Manifestation d&rsquo;int\u00e9r\u00eat Jean Bernard Datry &#8211; setec tpi \/AFGC"},"content":{"rendered":"<p><a href=\"http:\/\/www.tpi.setec.fr\/FR\/010-home\/index.php\"><img loading=\"lazy\" class=\"aligncenter size-medium wp-image-293\" src=\"http:\/\/strains.fr\/wp-content\/uploads\/2014\/12\/logo-setec-tpi-green-300x141.png\" alt=\"\" width=\"300\" height=\"141\" srcset=\"https:\/\/strains.fr\/wp-content\/uploads\/2014\/12\/logo-setec-tpi-green-300x141.png 300w, https:\/\/strains.fr\/wp-content\/uploads\/2014\/12\/logo-setec-tpi-green.png 400w\" sizes=\"(max-width: 300px) 100vw, 300px\" \/><\/a><a href=\"http:\/\/www.afgc.asso.fr\/\"><img loading=\"lazy\" class=\"aligncenter size-medium wp-image-291\" src=\"http:\/\/strains.fr\/wp-content\/uploads\/2018\/02\/logo-AFGC-300x170.jpg\" alt=\"\" width=\"300\" height=\"170\" srcset=\"https:\/\/strains.fr\/wp-content\/uploads\/2018\/02\/logo-AFGC-300x170.jpg 300w, https:\/\/strains.fr\/wp-content\/uploads\/2018\/02\/logo-AFGC.jpg 450w\" sizes=\"(max-width: 300px) 100vw, 300px\" \/><\/a><\/p>\n<p><!--more--><\/p>\n<blockquote><p>Le monde du G\u00e9nie civil et de la construction s&rsquo;ouvre aujourd&rsquo;hui \u00e0 des projets de plus en plus complexes pour lesquels le recours \u00e0 la mod\u00e9lisation et le calcul des structures est indispensable. La connaissance pr\u00e9cise du comportement des structures est le vecteur de l&rsquo;innovation.<\/p>\n<p>Savoir qu&rsquo;une soci\u00e9t\u00e9 fran\u00e7aise comme Strains consacre une grande partie de ses activit\u00e9s \u00e0 des d\u00e9veloppements techniques et scientifiques est extr\u00eamement encourageant pour le rayonnement de la culture technique fran\u00e7aise dans le monde.<\/p>\n<p>L&rsquo;int\u00e9r\u00eat de ces d\u00e9veloppements est av\u00e9r\u00e9 et, en tant que professionnels, nos soci\u00e9t\u00e9s d&rsquo;ing\u00e9nieries et associations ne peuvent que se r\u00e9jouir d&rsquo;avoir de tels partenaires.<\/p>\n<p>Fait pour valoir ce que de droit.<\/p><\/blockquote>\n<p><a href=\"https:\/\/www.linkedin.com\/in\/jean-bernard-datry-6aaa753b\/\" target=\"_blank\" rel=\"noopener\">Jean-Bernard DATRY<\/a><br \/>\nDirecteur<br \/>\nVice-Pr\u00e9sident de l&rsquo;Association Fran\u00e7aise de G\u00e9nie Civil<\/p>\n","protected":false},"excerpt":{"rendered":"","protected":false},"author":3,"featured_media":0,"comment_status":"open","ping_status":"open","sticky":false,"template":"","format":"standard","meta":[],"categories":[8],"tags":[14,20],"_links":{"self":[{"href":"https:\/\/strains.fr\/index.php\/wp-json\/wp\/v2\/posts\/289"}],"collection":[{"href":"https:\/\/strains.fr\/index.php\/wp-json\/wp\/v2\/posts"}],"about":[{"href":"https:\/\/strains.fr\/index.php\/wp-json\/wp\/v2\/types\/post"}],"author":[{"embeddable":true,"href":"https:\/\/strains.fr\/index.php\/wp-json\/wp\/v2\/users\/3"}],"replies":[{"embeddable":true,"href":"https:\/\/strains.fr\/index.php\/wp-json\/wp\/v2\/comments?post=289"}],"version-history":[{"count":7,"href":"https:\/\/strains.fr\/index.php\/wp-json\/wp\/v2\/posts\/289\/revisions"}],"predecessor-version":[{"id":390,"href":"https:\/\/strains.fr\/index.php\/wp-json\/wp\/v2\/posts\/289\/revisions\/390"}],"wp:attachment":[{"href":"https:\/\/strains.fr\/index.php\/wp-json\/wp\/v2\/media?parent=289"}],"wp:term":[{"taxonomy":"category","embeddable":true,"href":"https:\/\/strains.fr\/index.php\/wp-json\/wp\/v2\/categories?post=289"},{"taxonomy":"post_tag","embeddable":true,"href":"https:\/\/strains.fr\/index.php\/wp-json\/wp\/v2\/tags?post=289"}],"curies":[{"name":"wp","href":"https:\/\/api.w.org\/{rel}","templated":true}]}}